{"id":586,"date":"2012-02-25T20:55:00","date_gmt":"2012-02-25T18:55:00","guid":{"rendered":"http:\/\/koskelanet.com\/?p=586"},"modified":"2017-11-11T22:55:38","modified_gmt":"2017-11-11T20:55:38","slug":"levotonta-puhetta","status":"publish","type":"post","link":"https:\/\/koskelanet.com\/wordpress\/blog\/2012\/02\/25\/levotonta-puhetta\/","title":{"rendered":"Levotonta puhetta?"},"content":{"rendered":"<p>Parhaillaan elell\u00e4\u00e4n aikaa, jossa vaalit seuraavat toisiaan verrattain lyhyin v\u00e4liajoin: eduskuntavaalit &#8211; presidentinvaalit &#8211; kunnallisvaalit. N\u00e4ist\u00e4 on nyt kahdet k\u00e4yty ja kolmansia odotellaan syksyksi.<\/p>\n<p>Vaaleista ja vallitsevasta taloustilanteesta johtuen, poliittinen keskustelu on ollut poikkeuksellisen kuumaa jo toista vuotta &#8211; ja varmaan jatkuukin sellaisena tuleviin kunnallisvaaleihin asti. On hyv\u00e4, ett\u00e4 keskustellaan, mutta huolestuttavaa tuossa &#8221;keskustelussa&#8221; ovat ne alatyyliset \u00e4\u00e4nens\u00e4vyt, joilla sit\u00e4 k\u00e4yd\u00e4\u00e4n. Tai jotkut k\u00e4yv\u00e4t &#8211; ei liene kuitenkaan syyt\u00e4 yleist\u00e4\u00e4.<\/p>\n<p>T\u00e4ss\u00e4 triplavaalirynnistyksess\u00e4 ep\u00e4asiallisesta retoriikasta ovat useissa tapauksissa vastanneet perussuomalaiseen edustajistoon ja kannattajakuntaan kuuluvat yksil\u00f6t. Puheenjohtaja Soini on taitava sanan s\u00e4il\u00e4ll\u00e4 sivaltaja, mutta toissap\u00e4iv\u00e4inen komissaari Rehnin nimitteleminen <em>&#8221;Brysselin Bobrikoviksi&#8221;<\/em> on ehk\u00e4 toistaiseksi r\u00e4ikeint\u00e4 retoriikkaa, mit\u00e4 suomalaisessa keskustelussa on kuultu.<\/p>\n<p>Heitto oli varmastikin harkittu ja Soinin omaan kannattajakuntaan vetoava vertaus. Rehn t\u00e4st\u00e4 kuitenkin loukkaantui ja siihen h\u00e4nell\u00e4 on t\u00e4ysi oikeus; sutkautus oli kohdistettu h\u00e4neen henkil\u00f6n\u00e4.<\/p>\n<p>Vain muutamaa p\u00e4iv\u00e4\u00e4 aiemmin Soinin puolueen valtuutettu olisi ollut my\u00f6nt\u00e4m\u00e4ss\u00e4 kunniamitalia Oulussa marokkolaisen pizzerianpit\u00e4j\u00e4n ampuneelle kriminaalille. Syksyll\u00e4 saman puolueen kansanedustaja olisi l\u00e4hett\u00e4nyt homot, lesbot ja somalit asumaan kesken\u00e4\u00e4n Ahvenanmaalle.<\/p>\n<p>T\u00e4llaista taustaa vasten ei ole vaikea kuvitella, ett\u00e4 n\u00e4it\u00e4 ajatuksia my\u00f6t\u00e4ilevien joukosta voi my\u00f6s l\u00f6yty\u00e4 se aktivisti, joka tekee Eugen Schaumanit Brysselin Bobrikoville. Tai joku muu kiivailija, joka puhdistaa kansan rivit etnisist\u00e4 ep\u00e4puhtauksista ja muista v\u00e4hemmist\u00f6ryhmist\u00e4.<\/p>\n<p>Sit\u00e4k\u00f6 Soini haluaa? Perustuslain takaaman sananvapauden nimiss\u00e4 voi sanoa monenlaista, mutta rikoslain mukaan ei kuitenkaan mit\u00e4 tahansa (24:9, 11:8).<\/p>\n<p>Sosiaalinen media ja internet ovat tuoneet periaatteessa jokaiselle helpon tavan osallistua erilaisille foorumeille, niit\u00e4 kautta my\u00f6s poliittiseen keskusteluun &#8211; kaikki saavat sanoa mielipiteens\u00e4 julki niin halutessaan. Tied\u00e4 sitten, johtuuko keskustelun luokaton taso ja populistisuus juurikin samasta syyst\u00e4.<\/p>\n<p>Itse haluaisin julkisesti k\u00e4yt\u00e4v\u00e4n keskustelun olevan rakentavaa ja eteenp\u00e4inviev\u00e4\u00e4 vuoropuhelua; nykyinen s\u00e4ttiminen, r\u00e4ksytys ja pilkanteko ei sellaista ole. Ja kun riitt\u00e4v\u00e4sti r\u00e4ksytet\u00e4\u00e4n ja agitoidutaan, ollaankin seuraavaksi toisten kraiveleissa kiinni.<\/p>\n<p>Mielest\u00e4ni nyt olisi korkea aika siisti\u00e4 kielenk\u00e4ytt\u00f6\u00e4 ja aloittaa vaikka tuolta politiikantekij\u00f6iden ylimmilt\u00e4 jakkaroilta. Harjaantuneet ja pesunkest\u00e4v\u00e4t poliitikot kyll\u00e4 kykenev\u00e4t asialliseen, rakentavaan ja hyvin argumentoituun debattiin, jos vain niin haluavat. Ja mit\u00e4 isot ja kokeneet edell\u00e4, niin sit\u00e4 kokemattomammat toivottavasti per\u00e4ss\u00e4.<\/p>\n<p>Loppuun pari aihetta sivuavaa linkki\u00e4:<br \/>\n<a title=\"Retoriikan taito\" href=\"http:\/\/retoriikantaito.fi\/\" target=\"_blank\">Retoriikan taito<\/a><br \/>\n<a title=\"Virheargumentit\" href=\"http:\/\/www.cs.hut.fi\/Opinnot\/T-93.850\/2005\/Johdanto\/virheet.html\" target=\"_blank\">Virheargumentit<\/a><\/p>\n<p>&nbsp;<\/p>\n","protected":false},"excerpt":{"rendered":"<p>Parhaillaan elell\u00e4\u00e4n aikaa, jossa vaalit seuraavat toisiaan verrattain lyhyin v\u00e4liajoin: eduskuntavaalit &#8211; presidentinvaalit &#8211; kunnallisvaalit. N\u00e4ist\u00e4 on nyt kahdet k\u00e4yty ja kolmansia odotellaan syksyksi. Vaaleista ja vallitsevasta taloustilanteesta johtuen, poliittinen keskustelu on ollut poikkeuksellisen kuumaa jo toista vuotta &#8211; ja &hellip; <a href=\"https:\/\/koskelanet.com\/wordpress\/blog\/2012\/02\/25\/levotonta-puhetta\/\">Lue loppuun <span class=\"meta-nav\">&rarr;<\/span><\/a><\/p>\n","protected":false},"author":2,"featured_media":0,"comment_status":"closed","ping_status":"open","sticky":false,"template":"","format":"standard","meta":{"footnotes":""},"categories":[23,24,18],"tags":[37,38,39],"class_list":["post-586","post","type-post","status-publish","format-standard","hentry","category-kulttuuri","category-media","category-yhteiskunta","tag-politiikka","tag-retoriikka","tag-vaalit"],"_links":{"self":[{"href":"https:\/\/koskelanet.com\/wordpress\/wp-json\/wp\/v2\/posts\/586","targetHints":{"allow":["GET"]}}],"collection":[{"href":"https:\/\/koskelanet.com\/wordpress\/wp-json\/wp\/v2\/posts"}],"about":[{"href":"https:\/\/koskelanet.com\/wordpress\/wp-json\/wp\/v2\/types\/post"}],"author":[{"embeddable":true,"href":"https:\/\/koskelanet.com\/wordpress\/wp-json\/wp\/v2\/users\/2"}],"replies":[{"embeddable":true,"href":"https:\/\/koskelanet.com\/wordpress\/wp-json\/wp\/v2\/comments?post=586"}],"version-history":[{"count":5,"href":"https:\/\/koskelanet.com\/wordpress\/wp-json\/wp\/v2\/posts\/586\/revisions"}],"predecessor-version":[{"id":591,"href":"https:\/\/koskelanet.com\/wordpress\/wp-json\/wp\/v2\/posts\/586\/revisions\/591"}],"wp:attachment":[{"href":"https:\/\/koskelanet.com\/wordpress\/wp-json\/wp\/v2\/media?parent=586"}],"wp:term":[{"taxonomy":"category","embeddable":true,"href":"https:\/\/koskelanet.com\/wordpress\/wp-json\/wp\/v2\/categories?post=586"},{"taxonomy":"post_tag","embeddable":true,"href":"https:\/\/koskelanet.com\/wordpress\/wp-json\/wp\/v2\/tags?post=586"}],"curies":[{"name":"wp","href":"https:\/\/api.w.org\/{rel}","templated":true}]}}